{"id":1151,"date":"1018-12-12T10:25:40","date_gmt":"1018-12-12T09:25:40","guid":{"rendered":"https:\/\/sacreunova.com\/origenes-sa-creu-nova\/"},"modified":"2025-02-18T17:09:23","modified_gmt":"2025-02-18T16:09:23","slug":"herkunft-sa-creu-nova","status":"publish","type":"post","link":"https:\/\/sacreunova.com\/de\/herkunft-sa-creu-nova\/","title":{"rendered":"Der Ursprung von Sa Creu Nova"},"content":{"rendered":"<p><strong>Campos<\/strong>, eine kleine Stadt s\u00fcdlich Mallorcas und nur wenige Kilometer vom Mittelmeer entfernt und in der N\u00e4he eines der sch\u00f6nsten Str\u00e4nde der Insel, Es Trenc. Und jetzt hat diese wundersch\u00f6ne Gemeinde auch ein\u00a0<a href=\"https:\/\/www.sacreunova.com\/de\/\">Sa Creu Nova Petit Palais Art &amp; Spa.<\/a><\/p>\n<p>Dieses Konzept eines Petit Palais voller Elemente der zeitgen\u00f6ssischen Kunst, \u00f6ffnete erst vor zwei Jahren seine T\u00fcren. Das Petit Palais ist nur f\u00fcr Erwachsene, sodass Ruhe und Frieden garantiert sind. Elemente der traditionellen mallorquinischen Architektur werden mit einem Hauch von Modernit\u00e4t kombiniert, wo die kreativen und inspirierenden H\u00e4nde ihrer Besitzer, eines aus Barcelona stammenden Paares, eine Spur hinterlassen, die Besucher, Kunden und Hotelg\u00e4ste beeindrucken.<\/p>\n<p>Herr Pic\u00f3, Unternehmer mit mehreren Firmen aus dem Bereich Architektur und Events; und der Dekorateur und Innenarchitekt sind zwei Personen, die wir voller Freude treffen durften. Beide voller Charisma und Begeisterung f\u00fcr dieses neue Projekt.<\/p>\n<p>Der Ursprung des Petit Palais befindet sich in drei traditionelle mallorquinischen H\u00e4usern, die respektvoll restauriert worden sind. Sie wurden im Januar 2015 erworben. Eines der H\u00e4user war das alte Eigentum eines Pfarrers, ein anderes eine Fahrradwerkstatt und das letzte war ein Privathaus.<\/p>\n<p>Im Oktober 2015 begann der Bau, eine Arbeit voller Herausforderungen, die diese fantastische Anlage gepr\u00e4gt haben, eine Oase der Ruhe und gleichzeitig voller \u00dcberraschungen und gro\u00dfartiger Details wie die Nespresso-Maschinen in allen R\u00e4umen, eine Auswahl an Tees und Wasserkochern (auf Anfrage), verschiedene mallorquinische und internationale Snacks, professioneller Parlux-Haartrockner, eine Waage und Chopard-Pflegeprodukte.<\/p>\n<p>Um den Aufenthalt im Sa Creu Nova mit absoluten Luxus zu vervollst\u00e4ndigen, bietet es au\u00dferdem kostenloses WLAN, einen Safe, eine Klimaanlage und einen gro\u00dfen Flachbildfernseher mit einer gro\u00dfen Auswahl an nationalen und internationalen Kan\u00e4len in jedem Zimmer. In\u00a0<a href=\"https:\/\/www.sacreunova.com\/de\/\">Sa Creu Nova Petit Palais Art &amp; Spa<\/a>\u00a0fehlt es nicht an Details.<\/p>\n<p>Zus\u00e4tzlich z\u00e4hlt es noch mit einem ein SPA, einer Behandlungskabine f\u00fcr Massagen und Beautybehandlungen, ein Au\u00dfenpool und ein Fitnessstudio ist, sodass alle G\u00e4ste ihr Wohlf\u00fchl Pl\u00e4tzchen finden.<\/p>\n<p>Die exquisite K\u00fcche ist ein weiterer wesentlicher Bestandteil dieses Petit Palais Art &amp; Spa. Die hauseigenen Restaurants\u00a0<a href=\"https:\/\/www.tessdemar.com\/de\/\">Tess de Mar<\/a>\u00a0und Kairiku bereichern das luxuri\u00f6se Angebot dieser Oase im S\u00fcden Mallorcas.<\/p>\n<p>Beide Restaurants zeigen zwei komplett verschieden Interpretation der Gastronomie des 21. Jahrhunderts. Tess de Mar bietet mit einer Kapazit\u00e4t f\u00fcr 40 Personen und seiner herrlichen Terrasse eine Auswahl der besten mediterranen Aromen, vergessene Rezepten und eine Fusion mit zeitgen\u00f6ssischen Trends, die zu einer hervorragenden Komposition f\u00fchren, in der lokale und saisonale Produkte die Basis schaffen, die von unserem K\u00fcchenchef Juan M. Ocampo verarbeitet werden. Ein junges und ausgezeichnetes Team mit verschiedenen Hintergr\u00fcnden, vereint durch seine Liebe zum Kochen, arbeitet mit ihm zusammen.<\/p>\n<p><a href=\"https:\/\/www.kairiku.es\/de\/\">Kairiku<\/a>, auf Japanisch \u201evom Land und vom Meer\u201c, ist ein einzigartiges Konzept, das niemanden gleichg\u00fcltig l\u00e4sst, der die Erfahrung gemacht hat. Das Restaurant befindet sich im alten Keller des Haupthauses und verf\u00fcgt \u00fcber einen gro\u00dfen Tisch f\u00fcr maximal 10 Personen. Hier genie\u00dfen Sie die beste japanische K\u00fcche, die von unserem Itamae geleitet wird, der mit seinem Know-how und seiner Erfahrung die asiatische K\u00fcche auf erstaunliche Weise neu interpretiert. Die Methode, die verwendet wird, um die besten Fische zu schneiden, schmilzt idealerweise auf den Begriff \u201eOmakase\u201c, was soviel hei\u00dft wie \u201cvertraue dem Chefkoch\u201d, wo er selbst das Beste der M\u00e4rkte ausw\u00e4hlt, um seinen Kunden h\u00f6chste Qualit\u00e4t in ihrem Degustationsmen\u00fc zu bieten. Dies alles wird von den interessantesten Sakes begleitet, um diese einmalige Erfahrung abzurunden.<\/p>\n<p>Zu guter Letzt, wird die Bar des Petit Palais Es Vicari Cocktail Bar von unserem Barmann Jos\u00e9 Cort\u00e9s geleitet. In Sevilla geboren, wo er seine ersten Erfahrungen hinter einer Bar gemacht hat. Die Neugier und der Wunsch zu wachsen brachten ihn nach Mallorca, wo er mit gro\u00dfartigen Profis die Cocktails des Autors entdeckte. Nach jahrelangem Training und nachdem er an mehreren Meisterschaften teilgenommen hat, bereichert er nun Sa Creu Nova das Team, wo er seine ganze Kreativit\u00e4t in der einzigen Author\u2019s Cocktail Bar in Campos, Es Vicari, zum Ausdruck bringen kann.<\/p>\n<p>Z\u00f6gern Sie nicht, uns zu besuchen und eine au\u00dfergew\u00f6hnliche Erfahrung im\u00a0<a href=\"https:\/\/www.sacreunova.com\/de\/\">Sa Creu Nova Petit Palais Art &amp; Spa<\/a>\u00a0zu erleben.<\/p>\n","protected":false},"excerpt":{"rendered":"<p>Campos, eine kleine Stadt s\u00fcdlich Mallorcas und nur wenige Kilometer vom Mittelmeer entfernt und in der N\u00e4he eines der sch\u00f6nsten Str\u00e4nde der Insel, Es Trenc. Und jetzt hat diese wundersch\u00f6ne Gemeinde auch ein\u00a0Sa Creu Nova Petit Palais Art &amp; Spa. Dieses Konzept eines Petit Palais voller Elemente der zeitgen\u00f6ssischen Kunst, \u00f6ffnete erst vor zwei Jahren [&hellip;]<\/p>\n","protected":false},"author":2,"featured_media":570,"comment_status":"open","ping_status":"open","sticky":false,"template":"","format":"standard","meta":{"footnotes":""},"categories":[11],"tags":[],"class_list":["post-1151","post","type-post","status-publish","format-standard","has-post-thumbnail","hentry","category-sa-creu-nova-de"],"yoast_head":"<!-- This site is optimized with the Yoast SEO plugin v27.4 - https:\/\/yoast.com\/product\/yoast-seo-wordpress\/ -->\n<title>Der Ursprung von Sa Creu Nova &#8212; Sa Creu Nova<\/title>\n<meta name=\"description\" content=\"Campos, ein kleiner Ort im S\u00fcden Mallorcas, nur wenige Kilometer vom Mittelmeer entfernt, verf\u00fcgt \u00fcber einen der besten Str\u00e4nde der Insel.\" \/>\n<meta name=\"robots\" content=\"index, follow, max-snippet:-1, max-image-preview:large, max-video-preview:-1\" \/>\n<link rel=\"canonical\" href=\"https:\/\/sacreunova.com\/de\/herkunft-sa-creu-nova\/\" \/>\n<meta property=\"og:locale\" content=\"de_DE\" \/>\n<meta property=\"og:type\" content=\"article\" \/>\n<meta property=\"og:title\" content=\"Der Ursprung von Sa Creu Nova &#8212; Sa Creu Nova\" \/>\n<meta property=\"og:description\" content=\"Campos, ein kleiner Ort im S\u00fcden Mallorcas, nur wenige Kilometer vom Mittelmeer entfernt, verf\u00fcgt \u00fcber einen der besten Str\u00e4nde der Insel.\" \/>\n<meta property=\"og:url\" content=\"https:\/\/sacreunova.com\/de\/herkunft-sa-creu-nova\/\" \/>\n<meta property=\"og:site_name\" content=\"Sa Creu Nova\" \/>\n<meta property=\"article:published_time\" content=\"1018-12-12T09:25:40+00:00\" \/>\n<meta property=\"article:modified_time\" content=\"2025-02-18T16:09:23+00:00\" \/>\n<meta property=\"og:image\" content=\"https:\/\/sacreunova.com\/wp-content\/uploads\/2025\/01\/antes.jpg\" \/>\n\t<meta property=\"og:image:width\" content=\"3000\" \/>\n\t<meta property=\"og:image:height\" content=\"1590\" \/>\n\t<meta property=\"og:image:type\" content=\"image\/jpeg\" \/>\n<meta name=\"author\" content=\"Pol Escarpenter\" \/>\n<meta name=\"twitter:card\" content=\"summary_large_image\" \/>\n<meta name=\"twitter:label1\" content=\"Verfasst von\" \/>\n\t<meta name=\"twitter:data1\" content=\"Pol Escarpenter\" \/>\n\t<meta name=\"twitter:label2\" content=\"Gesch\u00e4tzte Lesezeit\" \/>\n\t<meta name=\"twitter:data2\" content=\"4\u00a0Minuten\" \/>\n<script type=\"application\/ld+json\" class=\"yoast-schema-graph\">{\"@context\":\"https:\\\/\\\/schema.org\",\"@graph\":[{\"@type\":\"Article\",\"@id\":\"https:\\\/\\\/sacreunova.com\\\/de\\\/herkunft-sa-creu-nova\\\/#article\",\"isPartOf\":{\"@id\":\"https:\\\/\\\/sacreunova.com\\\/de\\\/herkunft-sa-creu-nova\\\/\"},\"author\":{\"name\":\"Pol Escarpenter\",\"@id\":\"https:\\\/\\\/sacreunova.com\\\/de\\\/#\\\/schema\\\/person\\\/b94f02acb8171cfdfa5fbe4f0ca91393\"},\"headline\":\"Der Ursprung von Sa Creu Nova\",\"datePublished\":\"1018-12-12T09:25:40+00:00\",\"dateModified\":\"2025-02-18T16:09:23+00:00\",\"mainEntityOfPage\":{\"@id\":\"https:\\\/\\\/sacreunova.com\\\/de\\\/herkunft-sa-creu-nova\\\/\"},\"wordCount\":719,\"commentCount\":0,\"image\":{\"@id\":\"https:\\\/\\\/sacreunova.com\\\/de\\\/herkunft-sa-creu-nova\\\/#primaryimage\"},\"thumbnailUrl\":\"https:\\\/\\\/sacreunova.com\\\/wp-content\\\/uploads\\\/2025\\\/01\\\/antes.jpg\",\"articleSection\":[\"Sa Creu Nova\"],\"inLanguage\":\"de\",\"potentialAction\":[{\"@type\":\"CommentAction\",\"name\":\"Comment\",\"target\":[\"https:\\\/\\\/sacreunova.com\\\/de\\\/herkunft-sa-creu-nova\\\/#respond\"]}]},{\"@type\":\"WebPage\",\"@id\":\"https:\\\/\\\/sacreunova.com\\\/de\\\/herkunft-sa-creu-nova\\\/\",\"url\":\"https:\\\/\\\/sacreunova.com\\\/de\\\/herkunft-sa-creu-nova\\\/\",\"name\":\"Der Ursprung von Sa Creu Nova &#8212; Sa Creu Nova\",\"isPartOf\":{\"@id\":\"https:\\\/\\\/sacreunova.com\\\/de\\\/#website\"},\"primaryImageOfPage\":{\"@id\":\"https:\\\/\\\/sacreunova.com\\\/de\\\/herkunft-sa-creu-nova\\\/#primaryimage\"},\"image\":{\"@id\":\"https:\\\/\\\/sacreunova.com\\\/de\\\/herkunft-sa-creu-nova\\\/#primaryimage\"},\"thumbnailUrl\":\"https:\\\/\\\/sacreunova.com\\\/wp-content\\\/uploads\\\/2025\\\/01\\\/antes.jpg\",\"datePublished\":\"1018-12-12T09:25:40+00:00\",\"dateModified\":\"2025-02-18T16:09:23+00:00\",\"author\":{\"@id\":\"https:\\\/\\\/sacreunova.com\\\/de\\\/#\\\/schema\\\/person\\\/b94f02acb8171cfdfa5fbe4f0ca91393\"},\"description\":\"Campos, ein kleiner Ort im S\u00fcden Mallorcas, nur wenige Kilometer vom Mittelmeer entfernt, verf\u00fcgt \u00fcber einen der besten Str\u00e4nde der Insel.\",\"breadcrumb\":{\"@id\":\"https:\\\/\\\/sacreunova.com\\\/de\\\/herkunft-sa-creu-nova\\\/#breadcrumb\"},\"inLanguage\":\"de\",\"potentialAction\":[{\"@type\":\"ReadAction\",\"target\":[\"https:\\\/\\\/sacreunova.com\\\/de\\\/herkunft-sa-creu-nova\\\/\"]}]},{\"@type\":\"ImageObject\",\"inLanguage\":\"de\",\"@id\":\"https:\\\/\\\/sacreunova.com\\\/de\\\/herkunft-sa-creu-nova\\\/#primaryimage\",\"url\":\"https:\\\/\\\/sacreunova.com\\\/wp-content\\\/uploads\\\/2025\\\/01\\\/antes.jpg\",\"contentUrl\":\"https:\\\/\\\/sacreunova.com\\\/wp-content\\\/uploads\\\/2025\\\/01\\\/antes.jpg\",\"width\":3000,\"height\":1590},{\"@type\":\"BreadcrumbList\",\"@id\":\"https:\\\/\\\/sacreunova.com\\\/de\\\/herkunft-sa-creu-nova\\\/#breadcrumb\",\"itemListElement\":[{\"@type\":\"ListItem\",\"position\":1,\"name\":\"Portada\",\"item\":\"https:\\\/\\\/sacreunova.com\\\/de\\\/\"},{\"@type\":\"ListItem\",\"position\":2,\"name\":\"Der Ursprung von Sa Creu Nova\"}]},{\"@type\":\"WebSite\",\"@id\":\"https:\\\/\\\/sacreunova.com\\\/de\\\/#website\",\"url\":\"https:\\\/\\\/sacreunova.com\\\/de\\\/\",\"name\":\"Sa Creu Nova\",\"description\":\"Tranquilidad y lujo en perfecta armon\u00eda\",\"potentialAction\":[{\"@type\":\"SearchAction\",\"target\":{\"@type\":\"EntryPoint\",\"urlTemplate\":\"https:\\\/\\\/sacreunova.com\\\/de\\\/?s={search_term_string}\"},\"query-input\":{\"@type\":\"PropertyValueSpecification\",\"valueRequired\":true,\"valueName\":\"search_term_string\"}}],\"inLanguage\":\"de\"},{\"@type\":\"Person\",\"@id\":\"https:\\\/\\\/sacreunova.com\\\/de\\\/#\\\/schema\\\/person\\\/b94f02acb8171cfdfa5fbe4f0ca91393\",\"name\":\"Pol Escarpenter\",\"image\":{\"@type\":\"ImageObject\",\"inLanguage\":\"de\",\"@id\":\"https:\\\/\\\/secure.gravatar.com\\\/avatar\\\/5779432450bb1655f5e69ac007d597c36700e1e2afe7fa71bfdccc05bd4527b0?s=96&d=mm&r=g\",\"url\":\"https:\\\/\\\/secure.gravatar.com\\\/avatar\\\/5779432450bb1655f5e69ac007d597c36700e1e2afe7fa71bfdccc05bd4527b0?s=96&d=mm&r=g\",\"contentUrl\":\"https:\\\/\\\/secure.gravatar.com\\\/avatar\\\/5779432450bb1655f5e69ac007d597c36700e1e2afe7fa71bfdccc05bd4527b0?s=96&d=mm&r=g\",\"caption\":\"Pol Escarpenter\"}}]}<\/script>\n<!-- \/ Yoast SEO plugin. -->","yoast_head_json":{"title":"Der Ursprung von Sa Creu Nova &#8212; Sa Creu Nova","description":"Campos, ein kleiner Ort im S\u00fcden Mallorcas, nur wenige Kilometer vom Mittelmeer entfernt, verf\u00fcgt \u00fcber einen der besten Str\u00e4nde der Insel.","robots":{"index":"index","follow":"follow","max-snippet":"max-snippet:-1","max-image-preview":"max-image-preview:large","max-video-preview":"max-video-preview:-1"},"canonical":"https:\/\/sacreunova.com\/de\/herkunft-sa-creu-nova\/","og_locale":"de_DE","og_type":"article","og_title":"Der Ursprung von Sa Creu Nova &#8212; Sa Creu Nova","og_description":"Campos, ein kleiner Ort im S\u00fcden Mallorcas, nur wenige Kilometer vom Mittelmeer entfernt, verf\u00fcgt \u00fcber einen der besten Str\u00e4nde der Insel.","og_url":"https:\/\/sacreunova.com\/de\/herkunft-sa-creu-nova\/","og_site_name":"Sa Creu Nova","article_published_time":"1018-12-12T09:25:40+00:00","article_modified_time":"2025-02-18T16:09:23+00:00","og_image":[{"width":3000,"height":1590,"url":"https:\/\/sacreunova.com\/wp-content\/uploads\/2025\/01\/antes.jpg","type":"image\/jpeg"}],"author":"Pol Escarpenter","twitter_card":"summary_large_image","twitter_misc":{"Verfasst von":"Pol Escarpenter","Gesch\u00e4tzte Lesezeit":"4\u00a0Minuten"},"schema":{"@context":"https:\/\/schema.org","@graph":[{"@type":"Article","@id":"https:\/\/sacreunova.com\/de\/herkunft-sa-creu-nova\/#article","isPartOf":{"@id":"https:\/\/sacreunova.com\/de\/herkunft-sa-creu-nova\/"},"author":{"name":"Pol Escarpenter","@id":"https:\/\/sacreunova.com\/de\/#\/schema\/person\/b94f02acb8171cfdfa5fbe4f0ca91393"},"headline":"Der Ursprung von Sa Creu Nova","datePublished":"1018-12-12T09:25:40+00:00","dateModified":"2025-02-18T16:09:23+00:00","mainEntityOfPage":{"@id":"https:\/\/sacreunova.com\/de\/herkunft-sa-creu-nova\/"},"wordCount":719,"commentCount":0,"image":{"@id":"https:\/\/sacreunova.com\/de\/herkunft-sa-creu-nova\/#primaryimage"},"thumbnailUrl":"https:\/\/sacreunova.com\/wp-content\/uploads\/2025\/01\/antes.jpg","articleSection":["Sa Creu Nova"],"inLanguage":"de","potentialAction":[{"@type":"CommentAction","name":"Comment","target":["https:\/\/sacreunova.com\/de\/herkunft-sa-creu-nova\/#respond"]}]},{"@type":"WebPage","@id":"https:\/\/sacreunova.com\/de\/herkunft-sa-creu-nova\/","url":"https:\/\/sacreunova.com\/de\/herkunft-sa-creu-nova\/","name":"Der Ursprung von Sa Creu Nova &#8212; Sa Creu Nova","isPartOf":{"@id":"https:\/\/sacreunova.com\/de\/#website"},"primaryImageOfPage":{"@id":"https:\/\/sacreunova.com\/de\/herkunft-sa-creu-nova\/#primaryimage"},"image":{"@id":"https:\/\/sacreunova.com\/de\/herkunft-sa-creu-nova\/#primaryimage"},"thumbnailUrl":"https:\/\/sacreunova.com\/wp-content\/uploads\/2025\/01\/antes.jpg","datePublished":"1018-12-12T09:25:40+00:00","dateModified":"2025-02-18T16:09:23+00:00","author":{"@id":"https:\/\/sacreunova.com\/de\/#\/schema\/person\/b94f02acb8171cfdfa5fbe4f0ca91393"},"description":"Campos, ein kleiner Ort im S\u00fcden Mallorcas, nur wenige Kilometer vom Mittelmeer entfernt, verf\u00fcgt \u00fcber einen der besten Str\u00e4nde der Insel.","breadcrumb":{"@id":"https:\/\/sacreunova.com\/de\/herkunft-sa-creu-nova\/#breadcrumb"},"inLanguage":"de","potentialAction":[{"@type":"ReadAction","target":["https:\/\/sacreunova.com\/de\/herkunft-sa-creu-nova\/"]}]},{"@type":"ImageObject","inLanguage":"de","@id":"https:\/\/sacreunova.com\/de\/herkunft-sa-creu-nova\/#primaryimage","url":"https:\/\/sacreunova.com\/wp-content\/uploads\/2025\/01\/antes.jpg","contentUrl":"https:\/\/sacreunova.com\/wp-content\/uploads\/2025\/01\/antes.jpg","width":3000,"height":1590},{"@type":"BreadcrumbList","@id":"https:\/\/sacreunova.com\/de\/herkunft-sa-creu-nova\/#breadcrumb","itemListElement":[{"@type":"ListItem","position":1,"name":"Portada","item":"https:\/\/sacreunova.com\/de\/"},{"@type":"ListItem","position":2,"name":"Der Ursprung von Sa Creu Nova"}]},{"@type":"WebSite","@id":"https:\/\/sacreunova.com\/de\/#website","url":"https:\/\/sacreunova.com\/de\/","name":"Sa Creu Nova","description":"Tranquilidad y lujo en perfecta armon\u00eda","potentialAction":[{"@type":"SearchAction","target":{"@type":"EntryPoint","urlTemplate":"https:\/\/sacreunova.com\/de\/?s={search_term_string}"},"query-input":{"@type":"PropertyValueSpecification","valueRequired":true,"valueName":"search_term_string"}}],"inLanguage":"de"},{"@type":"Person","@id":"https:\/\/sacreunova.com\/de\/#\/schema\/person\/b94f02acb8171cfdfa5fbe4f0ca91393","name":"Pol Escarpenter","image":{"@type":"ImageObject","inLanguage":"de","@id":"https:\/\/secure.gravatar.com\/avatar\/5779432450bb1655f5e69ac007d597c36700e1e2afe7fa71bfdccc05bd4527b0?s=96&d=mm&r=g","url":"https:\/\/secure.gravatar.com\/avatar\/5779432450bb1655f5e69ac007d597c36700e1e2afe7fa71bfdccc05bd4527b0?s=96&d=mm&r=g","contentUrl":"https:\/\/secure.gravatar.com\/avatar\/5779432450bb1655f5e69ac007d597c36700e1e2afe7fa71bfdccc05bd4527b0?s=96&d=mm&r=g","caption":"Pol Escarpenter"}}]}},"_links":{"self":[{"href":"https:\/\/sacreunova.com\/de\/wp-json\/wp\/v2\/posts\/1151","targetHints":{"allow":["GET"]}}],"collection":[{"href":"https:\/\/sacreunova.com\/de\/wp-json\/wp\/v2\/posts"}],"about":[{"href":"https:\/\/sacreunova.com\/de\/wp-json\/wp\/v2\/types\/post"}],"author":[{"embeddable":true,"href":"https:\/\/sacreunova.com\/de\/wp-json\/wp\/v2\/users\/2"}],"replies":[{"embeddable":true,"href":"https:\/\/sacreunova.com\/de\/wp-json\/wp\/v2\/comments?post=1151"}],"version-history":[{"count":2,"href":"https:\/\/sacreunova.com\/de\/wp-json\/wp\/v2\/posts\/1151\/revisions"}],"predecessor-version":[{"id":1155,"href":"https:\/\/sacreunova.com\/de\/wp-json\/wp\/v2\/posts\/1151\/revisions\/1155"}],"wp:featuredmedia":[{"embeddable":true,"href":"https:\/\/sacreunova.com\/de\/wp-json\/wp\/v2\/media\/570"}],"wp:attachment":[{"href":"https:\/\/sacreunova.com\/de\/wp-json\/wp\/v2\/media?parent=1151"}],"wp:term":[{"taxonomy":"category","embeddable":true,"href":"https:\/\/sacreunova.com\/de\/wp-json\/wp\/v2\/categories?post=1151"},{"taxonomy":"post_tag","embeddable":true,"href":"https:\/\/sacreunova.com\/de\/wp-json\/wp\/v2\/tags?post=1151"}],"curies":[{"name":"wp","href":"https:\/\/api.w.org\/{rel}","templated":true}]}}